{"id":6872,"date":"2014-09-24T16:15:24","date_gmt":"2014-09-24T14:15:24","guid":{"rendered":"http:\/\/www.netzhaut-netzwerk.de\/isg\/?p=6872"},"modified":"2014-10-21T17:35:14","modified_gmt":"2014-10-21T15:35:14","slug":"evaluation-oeffentlich-gefoerderter-beschaeftigung-nrw","status":"publish","type":"post","link":"https:\/\/www.isg-institut.de\/en\/evaluation-oeffentlich-gefoerderter-beschaeftigung-nrw\/","title":{"rendered":"Evaluation \u00f6ffentlich gef\u00f6rderter Besch\u00e4ftigung NRW"},"content":{"rendered":"<p>Im Zuge der Weiterentwicklung m\u00f6glicher Ans\u00e4tze \u00f6ffentlich gef\u00f6rderter Besch\u00e4ftigung unterst\u00fctzt das Ministerium f\u00fcr Arbeit, Integration und Soziales in Nordrhein-Westfalen (MAIS) eine Reihe von lokalen Modellprojekten aus Mitteln des ESF. Diese Projekte sollen neue Formen der Umsetzung \u00f6ffentlich gef\u00f6rderter Besch\u00e4ftigung sowie Instrumente zur Messung von Integrationsfortschritten unter den Gef\u00f6rderten erproben und weiterentwickeln. Im Rahmen einer Implementationsstudie, die sich sowohl qualitativer als auch quantitativer Methoden bedient, werden diese Modellprojekte wissenschaftlich begleitet. Im Fokus der Untersuchung stehen dabei einerseits die umsetzenden Akteure bei den Tr\u00e4gern der Modellprojekte \u2013 Koordinatoren, Anleiter und Jobcoaches \u2013 sowie andererseits die (ehemaligen) SGB-II-Arbeitslosen, die dort als gef\u00f6rderte Besch\u00e4ftige arbeiten.<\/p>\n","protected":false},"excerpt":{"rendered":"<p>Im Zuge der Weiterentwicklung m\u00f6glicher Ans\u00e4tze \u00f6ffentlich gef\u00f6rderter Besch\u00e4ftigung unterst\u00fctzt das Ministerium f\u00fcr Arbeit, Integration und Soziales in Nordrhein-Westfalen (MAIS) eine Reihe von lokalen Modellprojekten aus Mitteln des ESF. Diese Projekte sollen neue Formen der Umsetzung \u00f6ffentlich gef\u00f6rderter Besch\u00e4ftigung sowie Instrumente zur Messung von Integrationsfortschritten unter den Gef\u00f6rderten erproben und &#8230;<\/p>\n","protected":false},"author":1,"featured_media":0,"comment_status":"closed","ping_status":"open","sticky":false,"template":"","format":"standard","meta":{"footnotes":""},"categories":[96],"tags":[],"class_list":["post-6872","post","type-post","status-publish","format-standard","hentry","category-labor-markets-and-labor-market-policy","autor-dr-philipp-fuchs","status-noch-keine-laufendes-projekt","auftrag-institut-fuer-arbeitsmarkt-und-berufsforschung","pstatus-ongoing","laufzeit-februar-2014-bis-september-2015","kooperationspartner-none","no-post-thumbnail"],"yoast_head":"<!-- This site is optimized with the Yoast SEO plugin v26.6 - https:\/\/yoast.com\/wordpress\/plugins\/seo\/ -->\n<title>Evaluation \u00f6ffentlich gef\u00f6rderter Besch\u00e4ftigung NRW - ISG - Institut f\u00fcr Sozialforschung und Gesellschaftspolitik GmbH<\/title>\n<meta name=\"robots\" content=\"index, follow, max-snippet:-1, max-image-preview:large, max-video-preview:-1\" \/>\n<link rel=\"canonical\" href=\"https:\/\/www.isg-institut.de\/en\/evaluation-oeffentlich-gefoerderter-beschaeftigung-nrw\/\" \/>\n<meta property=\"og:locale\" content=\"en_US\" \/>\n<meta property=\"og:type\" content=\"article\" \/>\n<meta property=\"og:title\" content=\"Evaluation \u00f6ffentlich gef\u00f6rderter Besch\u00e4ftigung NRW - ISG - Institut f\u00fcr Sozialforschung und Gesellschaftspolitik GmbH\" \/>\n<meta property=\"og:description\" content=\"Im Zuge der Weiterentwicklung m\u00f6glicher Ans\u00e4tze \u00f6ffentlich gef\u00f6rderter Besch\u00e4ftigung unterst\u00fctzt das Ministerium f\u00fcr Arbeit, Integration und Soziales in Nordrhein-Westfalen (MAIS) eine Reihe von lokalen Modellprojekten aus Mitteln des ESF. Diese Projekte sollen neue Formen der Umsetzung \u00f6ffentlich gef\u00f6rderter Besch\u00e4ftigung sowie Instrumente zur Messung von Integrationsfortschritten unter den Gef\u00f6rderten erproben und ...\" \/>\n<meta property=\"og:url\" content=\"https:\/\/www.isg-institut.de\/en\/evaluation-oeffentlich-gefoerderter-beschaeftigung-nrw\/\" \/>\n<meta property=\"og:site_name\" content=\"ISG - Institut f\u00fcr Sozialforschung und Gesellschaftspolitik GmbH\" \/>\n<meta property=\"article:published_time\" content=\"2014-09-24T14:15:24+00:00\" \/>\n<meta property=\"article:modified_time\" content=\"2014-10-21T15:35:14+00:00\" \/>\n<meta name=\"author\" content=\"admin\" \/>\n<meta name=\"twitter:label1\" content=\"Written by\" \/>\n\t<meta name=\"twitter:data1\" content=\"admin\" \/>\n\t<meta name=\"twitter:label2\" content=\"Est. reading time\" \/>\n\t<meta name=\"twitter:data2\" content=\"1 minute\" \/>\n<script type=\"application\/ld+json\" class=\"yoast-schema-graph\">{\"@context\":\"https:\/\/schema.org\",\"@graph\":[{\"@type\":\"Article\",\"@id\":\"https:\/\/www.isg-institut.de\/en\/evaluation-oeffentlich-gefoerderter-beschaeftigung-nrw\/#article\",\"isPartOf\":{\"@id\":\"https:\/\/www.isg-institut.de\/en\/evaluation-oeffentlich-gefoerderter-beschaeftigung-nrw\/\"},\"author\":{\"name\":\"admin\",\"@id\":\"https:\/\/www.isg-institut.de\/en\/#\/schema\/person\/cb363ece69584163bc44b872c7efff28\"},\"headline\":\"Evaluation \u00f6ffentlich gef\u00f6rderter Besch\u00e4ftigung NRW\",\"datePublished\":\"2014-09-24T14:15:24+00:00\",\"dateModified\":\"2014-10-21T15:35:14+00:00\",\"mainEntityOfPage\":{\"@id\":\"https:\/\/www.isg-institut.de\/en\/evaluation-oeffentlich-gefoerderter-beschaeftigung-nrw\/\"},\"wordCount\":118,\"publisher\":{\"@id\":\"https:\/\/www.isg-institut.de\/en\/#organization\"},\"articleSection\":[\"Labor markets and labor market policy\"],\"inLanguage\":\"en-US\"},{\"@type\":\"WebPage\",\"@id\":\"https:\/\/www.isg-institut.de\/en\/evaluation-oeffentlich-gefoerderter-beschaeftigung-nrw\/\",\"url\":\"https:\/\/www.isg-institut.de\/en\/evaluation-oeffentlich-gefoerderter-beschaeftigung-nrw\/\",\"name\":\"Evaluation \u00f6ffentlich gef\u00f6rderter Besch\u00e4ftigung NRW - ISG - Institut f\u00fcr Sozialforschung und Gesellschaftspolitik GmbH\",\"isPartOf\":{\"@id\":\"https:\/\/www.isg-institut.de\/en\/#website\"},\"datePublished\":\"2014-09-24T14:15:24+00:00\",\"dateModified\":\"2014-10-21T15:35:14+00:00\",\"breadcrumb\":{\"@id\":\"https:\/\/www.isg-institut.de\/en\/evaluation-oeffentlich-gefoerderter-beschaeftigung-nrw\/#breadcrumb\"},\"inLanguage\":\"en-US\",\"potentialAction\":[{\"@type\":\"ReadAction\",\"target\":[\"https:\/\/www.isg-institut.de\/en\/evaluation-oeffentlich-gefoerderter-beschaeftigung-nrw\/\"]}]},{\"@type\":\"BreadcrumbList\",\"@id\":\"https:\/\/www.isg-institut.de\/en\/evaluation-oeffentlich-gefoerderter-beschaeftigung-nrw\/#breadcrumb\",\"itemListElement\":[{\"@type\":\"ListItem\",\"position\":1,\"name\":\"Home\",\"item\":\"https:\/\/www.isg-institut.de\/en\/\"},{\"@type\":\"ListItem\",\"position\":2,\"name\":\"Evaluation \u00f6ffentlich gef\u00f6rderter Besch\u00e4ftigung NRW\"}]},{\"@type\":\"WebSite\",\"@id\":\"https:\/\/www.isg-institut.de\/en\/#website\",\"url\":\"https:\/\/www.isg-institut.de\/en\/\",\"name\":\"ISG - ISG Institute for Social Research\",\"description\":\"Institut f\u00fcr Sozialforschung und Gesellschaftspolitik\",\"publisher\":{\"@id\":\"https:\/\/www.isg-institut.de\/en\/#organization\"},\"potentialAction\":[{\"@type\":\"SearchAction\",\"target\":{\"@type\":\"EntryPoint\",\"urlTemplate\":\"https:\/\/www.isg-institut.de\/en\/?s={search_term_string}\"},\"query-input\":{\"@type\":\"PropertyValueSpecification\",\"valueRequired\":true,\"valueName\":\"search_term_string\"}}],\"inLanguage\":\"en-US\"},{\"@type\":\"Organization\",\"@id\":\"https:\/\/www.isg-institut.de\/en\/#organization\",\"name\":\"ISG - ISG Institute for Social Research\",\"url\":\"https:\/\/www.isg-institut.de\/en\/\",\"logo\":{\"@type\":\"ImageObject\",\"inLanguage\":\"en-US\",\"@id\":\"https:\/\/www.isg-institut.de\/en\/#\/schema\/logo\/image\/\",\"url\":\"https:\/\/www.isg-institut.de\/en\/wp-content\/uploads\/INSTITUT-FUER-SOZIALFORSCHUNG-UND-GESELLSCHAFTSPOLITIK-Logo.png\",\"contentUrl\":\"https:\/\/www.isg-institut.de\/en\/wp-content\/uploads\/INSTITUT-FUER-SOZIALFORSCHUNG-UND-GESELLSCHAFTSPOLITIK-Logo.png\",\"width\":426,\"height\":115,\"caption\":\"ISG - ISG Institute for Social Research\"},\"image\":{\"@id\":\"https:\/\/www.isg-institut.de\/en\/#\/schema\/logo\/image\/\"}},{\"@type\":\"Person\",\"@id\":\"https:\/\/www.isg-institut.de\/en\/#\/schema\/person\/cb363ece69584163bc44b872c7efff28\",\"name\":\"admin\",\"image\":{\"@type\":\"ImageObject\",\"inLanguage\":\"en-US\",\"@id\":\"https:\/\/www.isg-institut.de\/en\/#\/schema\/person\/image\/\",\"url\":\"https:\/\/secure.gravatar.com\/avatar\/cc3742a1b5b545d28f9a58de387953b2?s=96&d=mm&r=g\",\"contentUrl\":\"https:\/\/secure.gravatar.com\/avatar\/cc3742a1b5b545d28f9a58de387953b2?s=96&d=mm&r=g\",\"caption\":\"admin\"}}]}<\/script>\n<!-- \/ Yoast SEO plugin. -->","yoast_head_json":{"title":"Evaluation \u00f6ffentlich gef\u00f6rderter Besch\u00e4ftigung NRW - ISG - Institut f\u00fcr Sozialforschung und Gesellschaftspolitik GmbH","robots":{"index":"index","follow":"follow","max-snippet":"max-snippet:-1","max-image-preview":"max-image-preview:large","max-video-preview":"max-video-preview:-1"},"canonical":"https:\/\/www.isg-institut.de\/en\/evaluation-oeffentlich-gefoerderter-beschaeftigung-nrw\/","og_locale":"en_US","og_type":"article","og_title":"Evaluation \u00f6ffentlich gef\u00f6rderter Besch\u00e4ftigung NRW - ISG - Institut f\u00fcr Sozialforschung und Gesellschaftspolitik GmbH","og_description":"Im Zuge der Weiterentwicklung m\u00f6glicher Ans\u00e4tze \u00f6ffentlich gef\u00f6rderter Besch\u00e4ftigung unterst\u00fctzt das Ministerium f\u00fcr Arbeit, Integration und Soziales in Nordrhein-Westfalen (MAIS) eine Reihe von lokalen Modellprojekten aus Mitteln des ESF. Diese Projekte sollen neue Formen der Umsetzung \u00f6ffentlich gef\u00f6rderter Besch\u00e4ftigung sowie Instrumente zur Messung von Integrationsfortschritten unter den Gef\u00f6rderten erproben und ...","og_url":"https:\/\/www.isg-institut.de\/en\/evaluation-oeffentlich-gefoerderter-beschaeftigung-nrw\/","og_site_name":"ISG - Institut f\u00fcr Sozialforschung und Gesellschaftspolitik GmbH","article_published_time":"2014-09-24T14:15:24+00:00","article_modified_time":"2014-10-21T15:35:14+00:00","author":"admin","twitter_misc":{"Written by":"admin","Est. reading time":"1 minute"},"schema":{"@context":"https:\/\/schema.org","@graph":[{"@type":"Article","@id":"https:\/\/www.isg-institut.de\/en\/evaluation-oeffentlich-gefoerderter-beschaeftigung-nrw\/#article","isPartOf":{"@id":"https:\/\/www.isg-institut.de\/en\/evaluation-oeffentlich-gefoerderter-beschaeftigung-nrw\/"},"author":{"name":"admin","@id":"https:\/\/www.isg-institut.de\/en\/#\/schema\/person\/cb363ece69584163bc44b872c7efff28"},"headline":"Evaluation \u00f6ffentlich gef\u00f6rderter Besch\u00e4ftigung NRW","datePublished":"2014-09-24T14:15:24+00:00","dateModified":"2014-10-21T15:35:14+00:00","mainEntityOfPage":{"@id":"https:\/\/www.isg-institut.de\/en\/evaluation-oeffentlich-gefoerderter-beschaeftigung-nrw\/"},"wordCount":118,"publisher":{"@id":"https:\/\/www.isg-institut.de\/en\/#organization"},"articleSection":["Labor markets and labor market policy"],"inLanguage":"en-US"},{"@type":"WebPage","@id":"https:\/\/www.isg-institut.de\/en\/evaluation-oeffentlich-gefoerderter-beschaeftigung-nrw\/","url":"https:\/\/www.isg-institut.de\/en\/evaluation-oeffentlich-gefoerderter-beschaeftigung-nrw\/","name":"Evaluation \u00f6ffentlich gef\u00f6rderter Besch\u00e4ftigung NRW - ISG - Institut f\u00fcr Sozialforschung und Gesellschaftspolitik GmbH","isPartOf":{"@id":"https:\/\/www.isg-institut.de\/en\/#website"},"datePublished":"2014-09-24T14:15:24+00:00","dateModified":"2014-10-21T15:35:14+00:00","breadcrumb":{"@id":"https:\/\/www.isg-institut.de\/en\/evaluation-oeffentlich-gefoerderter-beschaeftigung-nrw\/#breadcrumb"},"inLanguage":"en-US","potentialAction":[{"@type":"ReadAction","target":["https:\/\/www.isg-institut.de\/en\/evaluation-oeffentlich-gefoerderter-beschaeftigung-nrw\/"]}]},{"@type":"BreadcrumbList","@id":"https:\/\/www.isg-institut.de\/en\/evaluation-oeffentlich-gefoerderter-beschaeftigung-nrw\/#breadcrumb","itemListElement":[{"@type":"ListItem","position":1,"name":"Home","item":"https:\/\/www.isg-institut.de\/en\/"},{"@type":"ListItem","position":2,"name":"Evaluation \u00f6ffentlich gef\u00f6rderter Besch\u00e4ftigung NRW"}]},{"@type":"WebSite","@id":"https:\/\/www.isg-institut.de\/en\/#website","url":"https:\/\/www.isg-institut.de\/en\/","name":"ISG - ISG Institute for Social Research","description":"Institut f\u00fcr Sozialforschung und Gesellschaftspolitik","publisher":{"@id":"https:\/\/www.isg-institut.de\/en\/#organization"},"potentialAction":[{"@type":"SearchAction","target":{"@type":"EntryPoint","urlTemplate":"https:\/\/www.isg-institut.de\/en\/?s={search_term_string}"},"query-input":{"@type":"PropertyValueSpecification","valueRequired":true,"valueName":"search_term_string"}}],"inLanguage":"en-US"},{"@type":"Organization","@id":"https:\/\/www.isg-institut.de\/en\/#organization","name":"ISG - ISG Institute for Social Research","url":"https:\/\/www.isg-institut.de\/en\/","logo":{"@type":"ImageObject","inLanguage":"en-US","@id":"https:\/\/www.isg-institut.de\/en\/#\/schema\/logo\/image\/","url":"https:\/\/www.isg-institut.de\/en\/wp-content\/uploads\/INSTITUT-FUER-SOZIALFORSCHUNG-UND-GESELLSCHAFTSPOLITIK-Logo.png","contentUrl":"https:\/\/www.isg-institut.de\/en\/wp-content\/uploads\/INSTITUT-FUER-SOZIALFORSCHUNG-UND-GESELLSCHAFTSPOLITIK-Logo.png","width":426,"height":115,"caption":"ISG - ISG Institute for Social Research"},"image":{"@id":"https:\/\/www.isg-institut.de\/en\/#\/schema\/logo\/image\/"}},{"@type":"Person","@id":"https:\/\/www.isg-institut.de\/en\/#\/schema\/person\/cb363ece69584163bc44b872c7efff28","name":"admin","image":{"@type":"ImageObject","inLanguage":"en-US","@id":"https:\/\/www.isg-institut.de\/en\/#\/schema\/person\/image\/","url":"https:\/\/secure.gravatar.com\/avatar\/cc3742a1b5b545d28f9a58de387953b2?s=96&d=mm&r=g","contentUrl":"https:\/\/secure.gravatar.com\/avatar\/cc3742a1b5b545d28f9a58de387953b2?s=96&d=mm&r=g","caption":"admin"}}]}},"_links":{"self":[{"href":"https:\/\/www.isg-institut.de\/en\/wp-json\/wp\/v2\/posts\/6872","targetHints":{"allow":["GET"]}}],"collection":[{"href":"https:\/\/www.isg-institut.de\/en\/wp-json\/wp\/v2\/posts"}],"about":[{"href":"https:\/\/www.isg-institut.de\/en\/wp-json\/wp\/v2\/types\/post"}],"author":[{"embeddable":true,"href":"https:\/\/www.isg-institut.de\/en\/wp-json\/wp\/v2\/users\/1"}],"replies":[{"embeddable":true,"href":"https:\/\/www.isg-institut.de\/en\/wp-json\/wp\/v2\/comments?post=6872"}],"version-history":[{"count":1,"href":"https:\/\/www.isg-institut.de\/en\/wp-json\/wp\/v2\/posts\/6872\/revisions"}],"predecessor-version":[{"id":6873,"href":"https:\/\/www.isg-institut.de\/en\/wp-json\/wp\/v2\/posts\/6872\/revisions\/6873"}],"wp:attachment":[{"href":"https:\/\/www.isg-institut.de\/en\/wp-json\/wp\/v2\/media?parent=6872"}],"wp:term":[{"taxonomy":"category","embeddable":true,"href":"https:\/\/www.isg-institut.de\/en\/wp-json\/wp\/v2\/categories?post=6872"},{"taxonomy":"post_tag","embeddable":true,"href":"https:\/\/www.isg-institut.de\/en\/wp-json\/wp\/v2\/tags?post=6872"}],"curies":[{"name":"wp","href":"https:\/\/api.w.org\/{rel}","templated":true}]}}